{"id":27182,"date":"2024-07-21T09:43:58","date_gmt":"2024-07-21T07:43:58","guid":{"rendered":"https:\/\/www.peelbergen.eu\/nieuw\/2024\/07\/21\/olivia-alvarez-garcia-queen-of-juniors-european-championship\/"},"modified":"2024-07-21T09:43:58","modified_gmt":"2024-07-21T07:43:58","slug":"olivia-alvarez-garcia-queen-of-juniors-european-championship","status":"publish","type":"post","link":"https:\/\/www.peelbergen.eu\/de\/2024\/07\/21\/olivia-alvarez-garcia-queen-of-juniors-european-championship\/","title":{"rendered":"Olivia Alvarez Garc\u00eda zur K\u00f6nigin der Junioren-Europameisterschaft gekr\u00f6nt"},"content":{"rendered":"<h6><em><span style=\"font-weight: 400;\">Olivia Alvarez Garcia, Thijmne Vos, Ewen China\u00a0 \u00a0<\/span>\u00a9Sportfot<\/em><\/h6>\n<p><span style=\"font-weight: 400;\">Die Junioren-Europameisterschaft 2024 im Springen endete mit einem \u00fcberw\u00e4ltigenden Sieg der Spanierin Olivia Alvarez Garc\u00eda, die w\u00e4hrend des gesamten Wettkampfs eine fehlerfreie Leistung zeigte. Auf Gazquine Tag ber\u00fchrte die Spanierin keine einzige Bande und sicherte sich damit die Goldmedaille und den Titel der Junioren-Europameisterin 2024.<\/span><\/p>\n<p><span style=\"font-weight: 400;\">Trotz einer kurzen Regenunterbrechung wurde die Veranstaltung bei wundersch\u00f6nem Sonnenuntergang fortgesetzt und bildete den Rahmen f\u00fcr die Kr\u00f6nung der Champions.<\/span><\/p>\n<h3><b>Stellare Podiumsleistungen<\/b><\/h3>\n<p><span style=\"font-weight: 400;\">Die Silbermedaille holte sich der Niederl\u00e4nder Thijmen Vos mit seinem Cadillac Z. Auf die Frage nach seiner Silbermedaille betonte Vos, dass seine Familie auf dem Weg zur Silbermedaille eine wichtige Rolle gespielt habe.\u00a0<\/span><\/p>\n<p><span style=\"font-weight: 400;\">\"Es ist erstaunlich. Man tr\u00e4umt davon und dann passiert es. Wir haben ein tolles Team, die ganze Familie arbeitet seit langem zusammen und tut alles, was wir k\u00f6nnen. Ich muss dem Miteigent\u00fcmer von Cadillac Z, A. Vos, danken, und nat\u00fcrlich meinem Vater, meinem Gro\u00dfvater, meinem Trainer, meiner Mutter, einfach der ganzen Familie. Wir haben so hart daf\u00fcr gearbeitet, und wenn es dann kommt, ist es einfach super. Die Unterst\u00fctzung durch seine Familie und das Team war offensichtlich und bewies, dass es wirklich ein Dorf braucht, um einen Champion gro\u00dfzuziehen.<\/span><\/p>\n<p><span style=\"font-weight: 400;\">Der Franzose Ewen China gewann mit Bacchus d'Ecames die Bronzemedaille und bewies bei schwierigen Wetterbedingungen eine unglaubliche Nervenst\u00e4rke. China kommentierte seine Leistung wie folgt: \"H\u00e4tte ich vor dem Finale gedacht, dass ich auf dem Podium stehe? Wissen Sie, das Pferd war in guter Form, im Mannschaftsfinale lief es gut, aber die Parcours waren technisch und ziemlich lang. Ich habe gedacht, dass es vielleicht zu viel f\u00fcr ihn ist f\u00fcr seine erste Europameisterschaft, aber er sprang weiterhin fantastisch, wir hatten nur einen Fehler.\"<\/span><\/p>\n<h3><b>Feiern der Champions<\/b><\/h3>\n<p><span style=\"font-weight: 400;\">Chef D'Equipe Reyes Martin zeigte sich stolz auf die herausragende Leistung von Olivia Alvarez Garc\u00eda. \"Ich bin sehr stolz auf meine Reiterin, gut gemacht Olivia, und auch an alle anderen Reiter, herzlichen Gl\u00fcckwunsch, toller Sport heute. Ich denke, die Parcoursdesigner haben diese Woche hervorragende Arbeit geleistet, also nochmals vielen Dank, dass wir hier sein durften.\"<\/span><\/p>\n<h3><b>Endg\u00fcltige Ergebnisse:<\/b><\/h3>\n<p><b>EUROPAMEISTERSCHAFT SPRINGEN KRONENBERG 2024<\/b><\/p>\n<p><b>Junioren Einzelwertung:<\/b><\/p>\n<ol>\n<li style=\"font-weight: 400;\" aria-level=\"1\"><span style=\"font-weight: 400;\">Olivia Alvarez Garc\u00eda, ESP - Gazquine Tag 0,24-0-0-0-0\/65,55<\/span><\/li>\n<li style=\"font-weight: 400;\" aria-level=\"1\"><span style=\"font-weight: 400;\">Thijmen Vos, NED - Cadillac Z 2.11-0-0-0-0\/68.17<\/span><\/li>\n<li style=\"font-weight: 400;\" aria-level=\"1\"><span style=\"font-weight: 400;\">Ewen China, FRA - Bacchus d'Ecames 1.13-0-0-4-0\/68.68<\/span><\/li>\n<\/ol>\n<p><span style=\"font-weight: 400;\">Der Tag endete mit einem herzlichen Dank an alle Teilnehmer, Br\u00e4utigame, das Publikum und den Partner des Juniorenwettbewerbs, Stal Hendrix, f\u00fcr ihre Unterst\u00fctzung und ihren Enthusiasmus, der wieder einmal bewiesen hat, dass nach dem Regen gro\u00dfe Dinge kommen.<\/span><\/p>\n<p><span style=\"font-weight: 400;\">Die Junioren-Europameisterschaft 2024 n\u00e4hert sich ihrem Ende. Die Leistungen dieser jungen Reiterinnen und Reiter inspirieren die n\u00e4chste Generation von Pferdesporttalenten und schaffen die Voraussetzungen f\u00fcr noch gr\u00f6\u00dfere Wettbewerbe in der Zukunft.<\/span><\/p>\n<p>&nbsp;<\/p>\n<p>&nbsp;<\/p>","protected":false},"excerpt":{"rendered":"<p>Olivia Alvarez Garcia, Thijmne Vos, Ewen China\u00a0 \u00a0\u00a9Sportfot The 2024 Junior Jumping European Championship concluded with a stunning victory for Spain\u2019s Olivia Alvarez Garc\u00eda, who delivered flawless performances throughout the [&hellip;]<\/p>\n","protected":false},"author":1,"featured_media":27183,"comment_status":"closed","ping_status":"closed","sticky":false,"template":"","format":"standard","meta":{"_acf_changed":false,"_monsterinsights_skip_tracking":false,"_monsterinsights_sitenote_active":false,"_monsterinsights_sitenote_note":"","_monsterinsights_sitenote_category":0,"_price":"","_stock":"","_tribe_ticket_header":"","_tribe_default_ticket_provider":"","_tribe_ticket_capacity":"","_ticket_start_date":"","_ticket_end_date":"","_tribe_ticket_show_description":"","_tribe_ticket_show_not_going":false,"_tribe_ticket_use_global_stock":"","_tribe_ticket_global_stock_level":"","_global_stock_mode":"","_global_stock_cap":"","_tribe_rsvp_for_event":"","_tribe_ticket_going_count":"","_tribe_ticket_not_going_count":"","_tribe_tickets_list":"[]","_tribe_ticket_has_attendee_info_fields":false,"footnotes":""},"categories":[5],"tags":[],"class_list":["post-27182","post","type-post","status-publish","format-standard","has-post-thumbnail","hentry","category-geen-categorie"],"acf":[],"_links":{"self":[{"href":"https:\/\/www.peelbergen.eu\/de\/wp-json\/wp\/v2\/posts\/27182","targetHints":{"allow":["GET"]}}],"collection":[{"href":"https:\/\/www.peelbergen.eu\/de\/wp-json\/wp\/v2\/posts"}],"about":[{"href":"https:\/\/www.peelbergen.eu\/de\/wp-json\/wp\/v2\/types\/post"}],"author":[{"embeddable":true,"href":"https:\/\/www.peelbergen.eu\/de\/wp-json\/wp\/v2\/users\/1"}],"replies":[{"embeddable":true,"href":"https:\/\/www.peelbergen.eu\/de\/wp-json\/wp\/v2\/comments?post=27182"}],"version-history":[{"count":0,"href":"https:\/\/www.peelbergen.eu\/de\/wp-json\/wp\/v2\/posts\/27182\/revisions"}],"wp:featuredmedia":[{"embeddable":true,"href":"https:\/\/www.peelbergen.eu\/de\/wp-json\/wp\/v2\/media\/27183"}],"wp:attachment":[{"href":"https:\/\/www.peelbergen.eu\/de\/wp-json\/wp\/v2\/media?parent=27182"}],"wp:term":[{"taxonomy":"category","embeddable":true,"href":"https:\/\/www.peelbergen.eu\/de\/wp-json\/wp\/v2\/categories?post=27182"},{"taxonomy":"post_tag","embeddable":true,"href":"https:\/\/www.peelbergen.eu\/de\/wp-json\/wp\/v2\/tags?post=27182"}],"curies":[{"name":"wp","href":"https:\/\/api.w.org\/{rel}","templated":true}]}}