{"id":27167,"date":"2024-06-26T08:46:35","date_gmt":"2024-06-26T06:46:35","guid":{"rendered":"https:\/\/www.peelbergen.eu\/nieuw\/2024\/06\/26\/the-fei-european-championships-jumping-in-kronenberg-this-july\/"},"modified":"2025-06-11T13:51:36","modified_gmt":"2025-06-11T11:51:36","slug":"the-fei-european-championships-jumping-in-kronenberg-this-july","status":"publish","type":"post","link":"https:\/\/www.peelbergen.eu\/de\/2024\/06\/26\/the-fei-european-championships-jumping-in-kronenberg-this-july\/","title":{"rendered":"PEELBERGEN IM FINALEN COUNTDOWN F\u00dcR DEN EMPFANG DER ZUK\u00dcNFTIGEN MEISTER BEI DER FEI-EUROPAMEISTERSCHAFT"},"content":{"rendered":"<p>KRONENBERG - Vom 16. bis 21. Juli ist das Reitsportzentrum Peelbergen Schauplatz der Europameisterschaften Springen f\u00fcr Junge Reiter, Junioren und Kinder.<\/p>\n<p>Da es sich um die erste Europameisterschaft in Peelbergen und um die einzige FEI-Meisterschaft handelt, die 2024 in den Niederlanden stattfindet, sind die Erwartungen hoch.<\/p>\n<p><a href=\"https:\/\/www.peelbergen.eu\/wp-content\/uploads\/2024\/06\/1510-MH303138-scaled.jpg\"><img loading=\"lazy\" decoding=\"async\" class=\"wp-image-23899\" src=\"https:\/\/www.peelbergen.eu\/wp-content\/uploads\/2025\/06\/1510-MH303138-scaled.jpg\" alt=\"\" width=\"614\" height=\"409\" \/><\/a><\/p>\n<p>In weniger als einem Monat treffen sich Europas beste Nachwuchsspringreiter in Kronenberg, um um die europ\u00e4ischen Einzel- und Mannschaftstitel zu k\u00e4mpfen, und Ken Ruysen, der Leiter der Veranstaltung, ist besonders stolz darauf.<\/p>\n<p><em>\"Die Vergabe dieser Europameisterschaft an de Peelbergen ist das Ergebnis des Vertrauens, das wir im Laufe der Jahre aufgebaut haben. Wir sind nicht nur bereit, eine Meisterschaft dieses Formats auszurichten, sondern auch, sie zu einem einzigartigen Ereignis zu machen\".<\/em> erkl\u00e4rte Ruysen.<\/p>\n<p><strong>Erinnerungen, die ein Leben lang halten <\/strong><\/p>\n<p>Die Er\u00f6ffnungszeremonie am Montag, den 15. Juli, markiert den offiziellen Beginn der Veranstaltung, der erste Wettbewerb beginnt am n\u00e4chsten Tag um 14.30 Uhr. Von Dienstag bis Sonntag werden die Reiter um die Einzel- und Mannschaftsmedaillen in ihrer Altersklasse k\u00e4mpfen, in Wettbewerben von 1m25 f\u00fcr Kinder bis zu 1m50 f\u00fcr Junge Reiter, sowohl auf Sand- als auch auf Rasenpl\u00e4tzen.<\/p>\n<p><em>\"Die jungen Reiterinnen und Reiter, die wir im Juli begr\u00fc\u00dfen, werden in Peelbergen Erinnerungen sammeln, auf die sie in ihrer sp\u00e4teren Karriere zur\u00fcckblicken werden. Wenn man sich die Reiter ansieht, die in der Vergangenheit an den Europameisterschaften der Jungen Reiter teilgenommen haben, sieht man die heutigen Spitzenreiter wie Steve Guerdat und Willem Greve. Dass Peelbergen f\u00fcr einige der Teilnehmer ein Teil dieses Weges an die Spitze sein kann, ist etwas ganz Besonderes.\"<\/em><\/p>\n<p><strong><a href=\"https:\/\/www.peelbergen.eu\/wp-content\/uploads\/2024\/06\/1510-MH302901-min-scaled.jpg\"><img loading=\"lazy\" decoding=\"async\" class=\"alignnone wp-image-23882\" src=\"https:\/\/www.peelbergen.eu\/wp-content\/uploads\/2025\/06\/1510-MH302901-min-scaled.jpg\" alt=\"\" width=\"614\" height=\"409\" \/><\/a><\/strong><\/p>\n<p><strong>Erstellen einer EC-Einstellung<\/strong><\/p>\n<p>Da der Veranstaltungsort w\u00f6chentliche Wettk\u00e4mpfe organisiert, ist die Schaffung eines Rahmens f\u00fcr Europameisterschaften ein Muss. Das Zentrum ist bereits f\u00fcr Veranstaltungen auf 3*-Niveau eingerichtet, <em>\"Wir arbeiten hart daran, bei jedem Wettbewerb ein perfektes Gel\u00e4nde und eine Top-Ausstattung zu bieten. F\u00fcr diese Europameisterschaft legen wir also nicht unbedingt die Messlatte h\u00f6her, aber wir werden uns mehr auf die Dekoration und die Schaffung dieser besonderen Atmosph\u00e4re konzentrieren, die eine Europameisterschaft ausmacht.\"<\/em><\/p>\n<p>Eigens f\u00fcr die Europameisterschaft angefertigte Dekorationen und neue Hindernisse sowie verschiedene Nebenveranstaltungen zur Unterhaltung von Pferdeliebhabern und Tagesausfl\u00fcglern stehen auf dem Programm. Neben dem Abendprogramm, das an jedem Abend der Veranstaltung eine andere Art von Unterhaltung verspricht, hat sich Peelbergen entschieden, am letzten Tag der Meisterschaften, am Sonntag, den 21. Mai, den Walk Grandorse zu organisieren, einen Spaziergang durch den wundersch\u00f6nen Wald von Grandorse, der das Zentrum umgibt.<\/p>\n<p>Ziel ist es, eine st\u00e4rkere Einbindung der Fahrer und der lokalen Gemeinschaft zu erreichen und die Veranstaltung zu einem unvergesslichen Ereignis nicht nur f\u00fcr die Teilnehmer, sondern f\u00fcr alle zu machen.<\/p>\n<p><strong>Freier Eintritt<\/strong><\/p>\n<p>\u201c<em>Wir freuen uns ganz besonders auf den Spitzensport und die Atmosph\u00e4re, die eine so gro\u00dfe Meisterschaft mit sich bringt. Wir hoffen, dass viele Besucher kommen und es genie\u00dfen werden. So einzigartig diese Veranstaltung auch ist, in einem Punkt unterscheidet sie sich nicht vom \u00dcblichen: Der Eintritt ist frei,<\/em>\" sagte Ruysen.<\/p>\n<p>Weitere Informationen \u00fcber das Abendprogramm, die Nebenveranstaltungen und den Zeitplan des Wettbewerbs finden Sie unter <a href=\"https:\/\/www.peelbergen.eu\/de\/kronenberg-2024\/\">www.peelbergen.eu\/kronenberg-2024<\/a><\/p>\n<p><a href=\"https:\/\/www.peelbergen.eu\/wp-content\/uploads\/2024\/06\/1510-JB1_6846-scaled.jpg\"><img loading=\"lazy\" decoding=\"async\" class=\"wp-image-23902\" src=\"https:\/\/www.peelbergen.eu\/wp-content\/uploads\/2025\/06\/1510-JB1_6846-scaled.jpg\" alt=\"\" width=\"614\" height=\"409\" \/><\/a><\/p>","protected":false},"excerpt":{"rendered":"<p>KRONENBERG &#8211; From July 16 to 21, Peelbergen Equestrian Centre will be the scene of the European Championships Jumping for Young Riders, Juniors and Children. As the first European Championship [&hellip;]<\/p>\n","protected":false},"author":1,"featured_media":27172,"comment_status":"closed","ping_status":"closed","sticky":false,"template":"","format":"standard","meta":{"_acf_changed":false,"_monsterinsights_skip_tracking":false,"_monsterinsights_sitenote_active":false,"_monsterinsights_sitenote_note":"","_monsterinsights_sitenote_category":0,"_price":"","_stock":"","_tribe_ticket_header":"","_tribe_default_ticket_provider":"","_tribe_ticket_capacity":"","_ticket_start_date":"","_ticket_end_date":"","_tribe_ticket_show_description":"","_tribe_ticket_show_not_going":false,"_tribe_ticket_use_global_stock":"","_tribe_ticket_global_stock_level":"","_global_stock_mode":"","_global_stock_cap":"","_tribe_rsvp_for_event":"","_tribe_ticket_going_count":"","_tribe_ticket_not_going_count":"","_tribe_tickets_list":"[]","_tribe_ticket_has_attendee_info_fields":false,"footnotes":""},"categories":[5],"tags":[],"class_list":["post-27167","post","type-post","status-publish","format-standard","has-post-thumbnail","hentry","category-geen-categorie"],"acf":[],"_links":{"self":[{"href":"https:\/\/www.peelbergen.eu\/de\/wp-json\/wp\/v2\/posts\/27167","targetHints":{"allow":["GET"]}}],"collection":[{"href":"https:\/\/www.peelbergen.eu\/de\/wp-json\/wp\/v2\/posts"}],"about":[{"href":"https:\/\/www.peelbergen.eu\/de\/wp-json\/wp\/v2\/types\/post"}],"author":[{"embeddable":true,"href":"https:\/\/www.peelbergen.eu\/de\/wp-json\/wp\/v2\/users\/1"}],"replies":[{"embeddable":true,"href":"https:\/\/www.peelbergen.eu\/de\/wp-json\/wp\/v2\/comments?post=27167"}],"version-history":[{"count":1,"href":"https:\/\/www.peelbergen.eu\/de\/wp-json\/wp\/v2\/posts\/27167\/revisions"}],"predecessor-version":[{"id":27171,"href":"https:\/\/www.peelbergen.eu\/de\/wp-json\/wp\/v2\/posts\/27167\/revisions\/27171"}],"wp:featuredmedia":[{"embeddable":true,"href":"https:\/\/www.peelbergen.eu\/de\/wp-json\/wp\/v2\/media\/27172"}],"wp:attachment":[{"href":"https:\/\/www.peelbergen.eu\/de\/wp-json\/wp\/v2\/media?parent=27167"}],"wp:term":[{"taxonomy":"category","embeddable":true,"href":"https:\/\/www.peelbergen.eu\/de\/wp-json\/wp\/v2\/categories?post=27167"},{"taxonomy":"post_tag","embeddable":true,"href":"https:\/\/www.peelbergen.eu\/de\/wp-json\/wp\/v2\/tags?post=27167"}],"curies":[{"name":"wp","href":"https:\/\/api.w.org\/{rel}","templated":true}]}}