{"id":26609,"date":"2015-10-21T18:00:30","date_gmt":"2015-10-21T16:00:30","guid":{"rendered":"https:\/\/www.peelbergen.eu\/nieuw\/2015\/10\/21\/geslaagde-onofficiele-openingsborrel\/"},"modified":"2015-10-21T18:00:30","modified_gmt":"2015-10-21T16:00:30","slug":"geslaagde-onofficiele-openingsborrel","status":"publish","type":"post","link":"https:\/\/www.peelbergen.eu\/de\/2015\/10\/21\/geslaagde-onofficiele-openingsborrel\/","title":{"rendered":"Geslaagde onoffici\u00eble openingsborrel"},"content":{"rendered":"<p><strong>Die Bar des Reitsportzentrums De Peelbergen war von nun an offiziell ge\u00f6ffnet. Jeder, der mit dem Reitsport und der Pferdezucht zu tun hatte, wurde f\u00fcr ein Getr\u00e4nk eingeladen. Er waren ruim 300 gasten aanwezig om samen te vieren dat het complex bijna af is. \u00a0<\/strong><\/p>\n<p>Exploitant Frank Laenen richtete das Wort an die Betroffenen und bedankte sich bei ihnen f\u00fcr die Entwicklung und Vermittlung der vergangenen Jahre. Frank Laenen: \"Es ist bemerkenswert, was wir hier gemeinsam in einer sehr langen Zeit f\u00fcr Elkaar erschaffen haben! Ik ben iedereenen die daaraan heeft bijgedragen dan ook zeer erkentelijk.\"<\/p>\n<p>Die offizielle Er\u00f6ffnung des Reitsportzentrums De Peelbergen findet im Fr\u00fchjahr 2016 statt.<\/p>","protected":false},"excerpt":{"rendered":"<p>Vanavond werd de bar van Equestrian Centre De Peelbergen onofficieel geopend. Iedereen die bij de oprichting en bouw betrokken is geweest was uitgenodigd voor een drankje. Er waren ruim 300 [&hellip;]<\/p>\n","protected":false},"author":1,"featured_media":26610,"comment_status":"closed","ping_status":"closed","sticky":false,"template":"","format":"standard","meta":{"_acf_changed":false,"_monsterinsights_skip_tracking":false,"_monsterinsights_sitenote_active":false,"_monsterinsights_sitenote_note":"","_monsterinsights_sitenote_category":0,"_price":"","_stock":"","_tribe_ticket_header":"","_tribe_default_ticket_provider":"","_tribe_ticket_capacity":"","_ticket_start_date":"","_ticket_end_date":"","_tribe_ticket_show_description":"","_tribe_ticket_show_not_going":false,"_tribe_ticket_use_global_stock":"","_tribe_ticket_global_stock_level":"","_global_stock_mode":"","_global_stock_cap":"","_tribe_rsvp_for_event":"","_tribe_ticket_going_count":"","_tribe_ticket_not_going_count":"","_tribe_tickets_list":"[]","_tribe_ticket_has_attendee_info_fields":false,"footnotes":""},"categories":[15,23,29],"tags":[],"class_list":["post-26609","post","type-post","status-publish","format-standard","has-post-thumbnail","hentry","category-equestrian-centre-de-peelbergen","category-noord-limburg","category-paardenhandel"],"acf":[],"_links":{"self":[{"href":"https:\/\/www.peelbergen.eu\/de\/wp-json\/wp\/v2\/posts\/26609","targetHints":{"allow":["GET"]}}],"collection":[{"href":"https:\/\/www.peelbergen.eu\/de\/wp-json\/wp\/v2\/posts"}],"about":[{"href":"https:\/\/www.peelbergen.eu\/de\/wp-json\/wp\/v2\/types\/post"}],"author":[{"embeddable":true,"href":"https:\/\/www.peelbergen.eu\/de\/wp-json\/wp\/v2\/users\/1"}],"replies":[{"embeddable":true,"href":"https:\/\/www.peelbergen.eu\/de\/wp-json\/wp\/v2\/comments?post=26609"}],"version-history":[{"count":0,"href":"https:\/\/www.peelbergen.eu\/de\/wp-json\/wp\/v2\/posts\/26609\/revisions"}],"wp:featuredmedia":[{"embeddable":true,"href":"https:\/\/www.peelbergen.eu\/de\/wp-json\/wp\/v2\/media\/26610"}],"wp:attachment":[{"href":"https:\/\/www.peelbergen.eu\/de\/wp-json\/wp\/v2\/media?parent=26609"}],"wp:term":[{"taxonomy":"category","embeddable":true,"href":"https:\/\/www.peelbergen.eu\/de\/wp-json\/wp\/v2\/categories?post=26609"},{"taxonomy":"post_tag","embeddable":true,"href":"https:\/\/www.peelbergen.eu\/de\/wp-json\/wp\/v2\/tags?post=26609"}],"curies":[{"name":"wp","href":"https:\/\/api.w.org\/{rel}","templated":true}]}}