{"id":26607,"date":"2015-12-02T13:40:22","date_gmt":"2015-12-02T12:40:22","guid":{"rendered":"https:\/\/www.peelbergen.eu\/nieuw\/2015\/12\/02\/rijvereniging-de-karwats-heeft-premiere\/"},"modified":"2015-12-02T13:40:22","modified_gmt":"2015-12-02T12:40:22","slug":"rijvereniging-de-karwats-heeft-premiere","status":"publish","type":"post","link":"https:\/\/www.peelbergen.eu\/de\/2015\/12\/02\/rijvereniging-de-karwats-heeft-premiere\/","title":{"rendered":"Jugendorganisation \"De Karwats\" feiert Premiere"},"content":{"rendered":"<p><strong>Am 7. und 8. November wird die Reitvereinigung 'De Karwats' Blerick de aftrap mogen verzorgen in Equestrian Centre De Peelbergen. met de eerste offici\u00eble springwedstrijd.<\/strong><\/p>\n<p>Durch die gro\u00dfe Anzahl von Teilnehmern, aber nur 1.300 Starts, und die gute Organisation ist das ganze Wochenende v\u00f6llig offen f\u00fcr Probleme, die bei der ersten gro\u00dfen Hochzeit noch nicht gel\u00f6st werden konnten. In EDcP ist f\u00fcr jeden ein wundersch\u00f6nes Wochenende vorgesehen. Dies wurde durch die Organisation von \"De Karwats\" und durch das wunderbare Ambiente im Stadtzentrum erm\u00f6glicht.<\/p>\n<p>Lees het hele nieuwsbericht <a href=\"https:\/\/dekarwats.nl\/ecdp2015\/\">hier<\/a> auf der Website von Rijvereniging '<a href=\"https:\/\/dekarwats.nl\" target=\"_blank\">De Karwats<\/a>'.<\/p>","protected":false},"excerpt":{"rendered":"<p>Op 7 en 8 november heeft Rijvereniging \u2018De Karwats\u2019 Blerick de aftrap mogen verzorgen in Equestrian Centre De Peelbergen. met de eerste offici\u00eble springwedstrijd. Doro het grote aantal deelnemers, maar [&hellip;]<\/p>\n","protected":false},"author":1,"featured_media":26608,"comment_status":"closed","ping_status":"closed","sticky":false,"template":"","format":"standard","meta":{"_acf_changed":false,"_monsterinsights_skip_tracking":false,"_monsterinsights_sitenote_active":false,"_monsterinsights_sitenote_note":"","_monsterinsights_sitenote_category":0,"_price":"","_stock":"","_tribe_ticket_header":"","_tribe_default_ticket_provider":"","_tribe_ticket_capacity":"","_ticket_start_date":"","_ticket_end_date":"","_tribe_ticket_show_description":"","_tribe_ticket_show_not_going":false,"_tribe_ticket_use_global_stock":"","_tribe_ticket_global_stock_level":"","_global_stock_mode":"","_global_stock_cap":"","_tribe_rsvp_for_event":"","_tribe_ticket_going_count":"","_tribe_ticket_not_going_count":"","_tribe_tickets_list":"[]","_tribe_ticket_has_attendee_info_fields":false,"footnotes":""},"categories":[47,48],"tags":[],"class_list":["post-26607","post","type-post","status-publish","format-standard","has-post-thumbnail","hentry","category-de-karwats","category-rijvereniging"],"acf":[],"_links":{"self":[{"href":"https:\/\/www.peelbergen.eu\/de\/wp-json\/wp\/v2\/posts\/26607","targetHints":{"allow":["GET"]}}],"collection":[{"href":"https:\/\/www.peelbergen.eu\/de\/wp-json\/wp\/v2\/posts"}],"about":[{"href":"https:\/\/www.peelbergen.eu\/de\/wp-json\/wp\/v2\/types\/post"}],"author":[{"embeddable":true,"href":"https:\/\/www.peelbergen.eu\/de\/wp-json\/wp\/v2\/users\/1"}],"replies":[{"embeddable":true,"href":"https:\/\/www.peelbergen.eu\/de\/wp-json\/wp\/v2\/comments?post=26607"}],"version-history":[{"count":0,"href":"https:\/\/www.peelbergen.eu\/de\/wp-json\/wp\/v2\/posts\/26607\/revisions"}],"wp:featuredmedia":[{"embeddable":true,"href":"https:\/\/www.peelbergen.eu\/de\/wp-json\/wp\/v2\/media\/26608"}],"wp:attachment":[{"href":"https:\/\/www.peelbergen.eu\/de\/wp-json\/wp\/v2\/media?parent=26607"}],"wp:term":[{"taxonomy":"category","embeddable":true,"href":"https:\/\/www.peelbergen.eu\/de\/wp-json\/wp\/v2\/categories?post=26607"},{"taxonomy":"post_tag","embeddable":true,"href":"https:\/\/www.peelbergen.eu\/de\/wp-json\/wp\/v2\/tags?post=26607"}],"curies":[{"name":"wp","href":"https:\/\/api.w.org\/{rel}","templated":true}]}}